{"id":333,"date":"2010-09-18T09:00:14","date_gmt":"2010-09-18T09:00:14","guid":{"rendered":"http:\/\/www.freddy-berger.de\/?p=333"},"modified":"2010-09-18T09:00:14","modified_gmt":"2010-09-18T09:00:14","slug":"urlaubsgruse-aus-frankreich","status":"publish","type":"post","link":"https:\/\/www.freddy-berger.de\/?p=333","title":{"rendered":"Urlaubsgr\u00fc\u00dfe aus Frankreich"},"content":{"rendered":"<p><a href=\"https:\/\/www.freddy-berger.de\/wp-content\/uploads\/Ard+\u00bfche-P9091262.jpg\"><img loading=\"lazy\" decoding=\"async\" class=\"alignleft size-thumbnail wp-image-334\" title=\"Gr\u00fc\u00dfe aus Ard\u00e8che\" src=\"https:\/\/www.freddy-berger.de\/wp-content\/uploads\/Ard+\u00bfche-P9091262-150x150.jpg\" alt=\"\" width=\"150\" height=\"150\" \/><\/a>Heute hat Freddy Urlaubsgr\u00fc\u00dfe aus Ard\u00e8che bekommen von seinen Berger Freunden Baxter, Elli, Linn und Bassia. Die Vier haben n\u00e4mlich zusammen mit ihren Zweibeinern Urlaub im Ursprungsland der Berger des Pyr\u00e9n\u00e9es gemacht und es hat ihnen sehr gut dort gefallen. Jetzt m\u00f6chte Freddy auch gern mal nach Frankreich. Wer wei\u00df, vielleicht erf\u00fcllt sich sein Urlaubswunsch ja irgendwann \ud83d\ude09<\/p>\n","protected":false},"excerpt":{"rendered":"<p>Heute hat Freddy Urlaubsgr\u00fc\u00dfe aus Ard\u00e8che bekommen von seinen Berger Freunden Baxter, Elli, Linn und Bassia. Die Vier haben n\u00e4mlich zusammen mit ihren Zweibeinern Urlaub im Ursprungsland der Berger des Pyr\u00e9n\u00e9es gemacht und es hat ihnen sehr gut dort gefallen. Jetzt m\u00f6chte Freddy auch gern mal nach Frankreich. Wer wei\u00df, vielleicht erf\u00fcllt sich sein Urlaubswunsch ja irgendwann \ud83d\ude09<\/p>\n","protected":false},"author":1,"featured_media":0,"comment_status":"closed","ping_status":"closed","sticky":false,"template":"","format":"standard","meta":{"ngg_post_thumbnail":0,"footnotes":""},"categories":[1],"tags":[],"class_list":["post-333","post","type-post","status-publish","format-standard","hentry","category-allgemein"],"_links":{"self":[{"href":"https:\/\/www.freddy-berger.de\/index.php?rest_route=\/wp\/v2\/posts\/333","targetHints":{"allow":["GET"]}}],"collection":[{"href":"https:\/\/www.freddy-berger.de\/index.php?rest_route=\/wp\/v2\/posts"}],"about":[{"href":"https:\/\/www.freddy-berger.de\/index.php?rest_route=\/wp\/v2\/types\/post"}],"author":[{"embeddable":true,"href":"https:\/\/www.freddy-berger.de\/index.php?rest_route=\/wp\/v2\/users\/1"}],"replies":[{"embeddable":true,"href":"https:\/\/www.freddy-berger.de\/index.php?rest_route=%2Fwp%2Fv2%2Fcomments&post=333"}],"version-history":[{"count":2,"href":"https:\/\/www.freddy-berger.de\/index.php?rest_route=\/wp\/v2\/posts\/333\/revisions"}],"predecessor-version":[{"id":336,"href":"https:\/\/www.freddy-berger.de\/index.php?rest_route=\/wp\/v2\/posts\/333\/revisions\/336"}],"wp:attachment":[{"href":"https:\/\/www.freddy-berger.de\/index.php?rest_route=%2Fwp%2Fv2%2Fmedia&parent=333"}],"wp:term":[{"taxonomy":"category","embeddable":true,"href":"https:\/\/www.freddy-berger.de\/index.php?rest_route=%2Fwp%2Fv2%2Fcategories&post=333"},{"taxonomy":"post_tag","embeddable":true,"href":"https:\/\/www.freddy-berger.de\/index.php?rest_route=%2Fwp%2Fv2%2Ftags&post=333"}],"curies":[{"name":"wp","href":"https:\/\/api.w.org\/{rel}","templated":true}]}}